{"id":2743,"date":"2026-09-03T07:02:16","date_gmt":"2026-09-03T07:02:16","guid":{"rendered":"https:\/\/www.clineca.com\/blog\/how-swollen-will-my-face-be-after-a-facelift-timeline\/"},"modified":"2026-09-03T09:40:53","modified_gmt":"2026-09-03T09:40:53","slug":"how-swollen-will-my-face-be-after-a-facelift-timeline","status":"publish","type":"post","link":"https:\/\/www.clineca.com\/blog\/how-swollen-will-my-face-be-after-a-facelift-timeline\/","title":{"rendered":"How Swollen Will My Face Be After a Facelift: Timeline"},"content":{"rendered":"<div class=\"clineca-wa-inline\" style=\"text-align:center; margin:28px 0;\">\n<p style=\"margin:0 0 11px; font-size:17px; font-weight:700; color:#111111;\">Have a question about Face Lift?<\/p>\n<p><a href=\"https:\/\/api.whatsapplinkmanager.com\/api\/links\/redirect\/Zol7PR0\" target=\"_blank\" rel=\"noopener\" style=\"display:inline-flex; align-items:center; gap:13px; background:#25D366; border-radius:44px; padding:9px 30px 9px 10px; text-decoration:none; box-shadow:0 3px 12px rgba(37,211,102,0.38);\"><span style=\"display:inline-flex; align-items:center; justify-content:center; width:44px; height:44px; background:#fff; border-radius:50%; flex-shrink:0; box-shadow:0 1px 3px rgba(0,0,0,0.15);\"><svg width=\"26\" height=\"26\" viewBox=\"0 0 24 24\" fill=\"#25D366\"><path d=\"M17.472 14.382c-.297-.149-1.758-.867-2.03-.967-.273-.099-.471-.148-.67.15-.197.297-.767.966-.94 1.164-.173.199-.347.223-.644.075-.297-.149-1.255-.463-2.39-1.475-.883-.788-1.48-1.761-1.653-2.059-.173-.297-.018-.458.13-.606.134-.133.298-.347.446-.52.149-.174.198-.298.298-.497.099-.198.05-.371-.025-.52-.075-.149-.669-1.612-.916-2.207-.242-.579-.487-.5-.669-.51-.173-.008-.371-.01-.57-.01-.198 0-.52.074-.792.372-.272.297-1.04 1.016-1.04 2.479 0 1.462 1.065 2.875 1.213 3.074.149.198 2.096 3.2 5.077 4.487.709.306 1.263.489 1.694.625.712.227 1.36.195 1.872.118.571-.085 1.758-.719 2.006-1.413.248-.694.248-1.289.173-1.413-.074-.124-.272-.198-.57-.347m-5.421 7.403h-.004a9.87 9.87 0 01-5.031-1.378l-.361-.214-3.741.982.998-3.648-.235-.374a9.86 9.86 0 01-1.51-5.26c.001-5.45 4.436-9.884 9.888-9.884 2.64 0 5.122 1.03 6.988 2.898a9.825 9.825 0 012.893 6.994c-.003 5.45-4.437 9.884-9.885 9.884m8.413-18.297A11.815 11.815 0 0012.05 0C5.495 0 .16 5.335.157 11.892c0 2.096.547 4.142 1.588 5.945L.057 24l6.305-1.654a11.882 11.882 0 005.683 1.448h.005c6.554 0 11.89-5.335 11.893-11.893a11.821 11.821 0 00-3.48-8.413z\"\/><\/svg><\/span><span style=\"color:#fff; font-size:17px; font-weight:800; letter-spacing:0.3px;\">Message us on WhatsApp<\/span><\/a><\/div>\n<div style=\"background:#f7fafc; border:1px solid #dde8f0; border-radius:8px; padding:22px 28px; margin:32px 0;\">\n<p style=\"margin:0 0 14px; font-size:11px; font-weight:700; letter-spacing:0.1em; text-transform:uppercase; color:#7a8fa0;\">In this article<\/p>\n<ol style=\"margin:0; padding-left:20px; line-height:1.9; color:#16364f;\">\n<li style=\"margin:5px 0;\"><a href=\"#a-simple-facelift-swelling-timeline\" style=\"color:#16364f; font-weight:600; text-decoration:underline;\">A simple facelift swelling timeline<\/a><\/li>\n<li style=\"margin:5px 0;\"><a href=\"#how-swollen-will-your-face-actually-look-in-the-mirror\" style=\"color:#16364f; font-weight:600; text-decoration:underline;\">How swollen will your face actually look in the mirror?<\/a><\/li>\n<li style=\"margin:5px 0;\"><a href=\"#why-does-swelling-vary-so-much-from-one-person-to-another\" style=\"color:#16364f; font-weight:600; text-decoration:underline;\">Why does swelling vary so much from one person to another?<\/a><\/li>\n<li style=\"margin:5px 0;\"><a href=\"#when-should-swelling-worry-you-rather-than-reassure-you\" style=\"color:#16364f; font-weight:600; text-decoration:underline;\">When should swelling worry you rather than reassure you?<\/a><\/li>\n<li style=\"margin:5px 0;\"><a href=\"#what-helps-swelling-settle-faster-without-risking-the-result\" style=\"color:#16364f; font-weight:600; text-decoration:underline;\">What helps swelling settle faster without risking the result?<\/a><\/li>\n<li style=\"margin:5px 0;\"><a href=\"#how-long-should-you-stay-in-turkey-and-what-affects-the-quote\" style=\"color:#16364f; font-weight:600; text-decoration:underline;\">How long should you stay in Turkey, and what affects the quote?<\/a><\/li>\n<li style=\"margin:5px 0;\"><a href=\"#does-combining-a-facelift-with-other-facial-surgery-change-the-swelling-timeline\" style=\"color:#16364f; font-weight:600; text-decoration:underline;\">Does combining a facelift with other facial surgery change the swelling timeline?<\/a><\/li>\n<\/ol>\n<\/div>\n<p>If you are wondering how swollen will my face be after a facelift and when does it settle, you are asking one of the most practical questions in facelift recovery. Most people are less worried about the stitches than about when they will look presentable, when the tightness eases, and how to tell normal puffiness from a problem.<\/p>\n<h2 id=\"a-simple-facelift-swelling-timeline\" style=\"font-size:1.55em; font-weight:700; color:#16364f; margin:44px 0 16px; padding-bottom:10px; border-bottom:2px solid #eef4f8;\">A simple facelift swelling timeline<\/h2>\n<p>Swelling after a facelift is usually <strong>most obvious in the first several days<\/strong>, often peaking around day 2 to day 4. By the end of the first week, many people still look clearly swollen, especially around the cheeks, jawline and in front of the ears, but the direction should be gradual improvement rather than worsening.<\/p>\n<p>By <strong>2 to 3 weeks<\/strong>, a lot of the heavier puffiness has settled. You may still feel tight, firm or slightly uneven, and there can be more swelling on one side than the other for a while. That asymmetry is often unsettling, but it is common during healing.<\/p>\n<p>By <strong>4 to 6 weeks<\/strong>, most people look much more like themselves in day-to-day life. There can still be mild fullness, especially first thing in the morning, after salty food, or after a long day upright. Final settling is slower. A facelift can keep refining over <strong>several months<\/strong>, particularly if you had a deeper dissection, a neck lift, fat grafting, or eyelid surgery at the same time.<\/p>\n<p>That broad pattern fits many recoveries, but it is not a promise. The NHS notes that bruising and swelling are expected after cosmetic surgery, and plastic surgery texts and journal literature describe facelift recovery as a process measured in weeks for social recovery and months for final tissue settling rather than days.<\/p>\n<table style=\"width:100%; border-collapse:collapse; margin:30px 0; border-radius:8px; overflow:hidden; box-shadow:0 2px 8px rgba(22,54,79,0.10);\">\n<thead>\n<tr>\n<th style=\"padding:13px 16px; background:#16364f; color:#fff; text-align:left; font-weight:600; font-size:14px;\">Time after surgery<\/th>\n<th style=\"padding:13px 16px; background:#16364f; color:#fff; text-align:left; font-weight:600; font-size:14px;\">What swelling usually looks like<\/th>\n<th style=\"padding:13px 16px; background:#16364f; color:#fff; text-align:left; font-weight:600; font-size:14px;\">What most patients can expect<\/th>\n<\/tr>\n<\/thead>\n<tbody>\n<tr style=\"background:#ffffff;\">\n<td style=\"padding:11px 16px; border-bottom:1px solid #dde8f0; vertical-align:top;\">Days 1-4<\/td>\n<td style=\"padding:11px 16px; border-bottom:1px solid #dde8f0; vertical-align:top;\">Tight, puffy, sometimes surprisingly bulky<\/td>\n<td style=\"padding:11px 16px; border-bottom:1px solid #dde8f0; vertical-align:top;\">This is often the peak phase<\/td>\n<\/tr>\n<tr style=\"background:#f4f8fb;\">\n<td style=\"padding:11px 16px; border-bottom:1px solid #dde8f0; vertical-align:top;\">End of week 1<\/td>\n<td style=\"padding:11px 16px; border-bottom:1px solid #dde8f0; vertical-align:top;\">Still obvious, but should start easing<\/td>\n<td style=\"padding:11px 16px; border-bottom:1px solid #dde8f0; vertical-align:top;\">Dressings may be lighter, bruising may still show<\/td>\n<\/tr>\n<tr style=\"background:#ffffff;\">\n<td style=\"padding:11px 16px; border-bottom:1px solid #dde8f0; vertical-align:top;\">Weeks 2-3<\/td>\n<td style=\"padding:11px 16px; border-bottom:1px solid #dde8f0; vertical-align:top;\">Noticeably reduced but not gone<\/td>\n<td style=\"padding:11px 16px; border-bottom:1px solid #dde8f0; vertical-align:top;\">Many people feel more comfortable being seen<\/td>\n<\/tr>\n<tr style=\"background:#f4f8fb;\">\n<td style=\"padding:11px 16px; border-bottom:1px solid #dde8f0; vertical-align:top;\">Weeks 4-6<\/td>\n<td style=\"padding:11px 16px; border-bottom:1px solid #dde8f0; vertical-align:top;\">Mild residual fullness<\/td>\n<td style=\"padding:11px 16px; border-bottom:1px solid #dde8f0; vertical-align:top;\">You often look more normal in daily life<\/td>\n<\/tr>\n<tr style=\"background:#ffffff;\">\n<td style=\"padding:11px 16px; border-bottom:1px solid #dde8f0; vertical-align:top;\">2-6 months<\/td>\n<td style=\"padding:11px 16px; border-bottom:1px solid #dde8f0; vertical-align:top;\">Subtle settling, softness returning<\/td>\n<td style=\"padding:11px 16px; border-bottom:1px solid #dde8f0; vertical-align:top;\">Final refinement continues gradually<\/td>\n<\/tr>\n<\/tbody>\n<\/table>\n<div style=\"background:#eef4f8; border-left:4px solid #16364f; border-radius:6px; padding:14px 18px; margin:24px 0;\">\n<p style=\"margin:0; font-size:15px; color:#16364f;\">\ud83d\udccb <strong>Early swelling can look worse than expected<\/strong> A facelift often looks tight and overfilled in the first week. That early look is not your final result.<\/p>\n<\/div>\n<h2 id=\"how-swollen-will-your-face-actually-look-in-the-mirror\" style=\"font-size:1.55em; font-weight:700; color:#16364f; margin:44px 0 16px; padding-bottom:10px; border-bottom:2px solid #eef4f8;\">How swollen will your face actually look in the mirror?<\/h2>\n<p>The honest answer is that the first week can be a shock if you were picturing a neat, discreet recovery. A normal amount of facelift swelling can make the lower face look broad, the cheeks look higher or heavier than expected, and the area under the chin feel thick or stiff. Some people describe it as looking like they are wearing a puffy version of their own face.<\/p>\n<p>It is also normal for the skin to feel <strong>firm, numb and tight<\/strong>, not just swollen. Those feelings are part of the healing process because the skin and deeper tissues have been lifted and repositioned. If your facelift included the neck, swelling often travels downward under the jaw, which can temporarily blur the sharper angle you expected.<\/p>\n<p>Bruising and swelling do not always match. You can have a lot of swelling with little bruising, or the opposite. If you also had a neck lift or eyelid surgery, expect the whole face to look more &#8220;worked on&#8221; for longer than someone who had a more limited lift alone.<\/p>\n<p>If you want a broader view of recovery rather than swelling alone, our article on <a href=\"https:\/\/www.clineca.com\/blog\/how-long-does-recovery-take-after-a-facelift\/\" style=\"color:#16364f; font-weight:600; text-decoration:underline;\">how long recovery takes after a facelift<\/a> explains when most patients return to normal routines. If your surgeon is discussing technique, the trade-offs in <a href=\"https:\/\/www.clineca.com\/blog\/deep-plane-or-standard-facelift-which-fits-you-best\/\" style=\"color:#16364f; font-weight:600; text-decoration:underline;\">deep plane vs standard facelift<\/a> also help explain why one recovery may look more swollen than another.<\/p>\n<h2 id=\"why-does-swelling-vary-so-much-from-one-person-to-another\" style=\"font-size:1.55em; font-weight:700; color:#16364f; margin:44px 0 16px; padding-bottom:10px; border-bottom:2px solid #eef4f8;\">Why does swelling vary so much from one person to another?<\/h2>\n<p>There is no single facelift swelling timeline that fits everyone. The amount of swelling depends on how extensive the surgery was, how much tissue was lifted, whether the neck was treated too, and whether another procedure was added. A mini facelift usually settles faster than a more extensive deep-plane or full lower-face-and-neck operation, although your own anatomy matters just as much as the technique.<\/p>\n<p>A few practical factors make a real difference:<\/p>\n<ul style=\"list-style:none; padding-left:0; margin:16px 0;\">\n<li style=\"list-style:none; padding:6px 0 6px 28px; position:relative;\"><span style=\"position:absolute; left:0; color:#2e7d32; font-weight:700;\">\u2713<\/span><strong>Surgical extent:<\/strong> a larger dissection usually means more swelling.<\/li>\n<li style=\"list-style:none; padding:6px 0 6px 28px; position:relative;\"><span style=\"position:absolute; left:0; color:#2e7d32; font-weight:700;\">\u2713<\/span><strong>Combined procedures:<\/strong> neck lift, fat transfer or eyelid surgery can lengthen the visible recovery phase.<\/li>\n<li style=\"list-style:none; padding:6px 0 6px 28px; position:relative;\"><span style=\"position:absolute; left:0; color:#2e7d32; font-weight:700;\">\u2713<\/span><strong>Bleeding tendency:<\/strong> some patients bruise and swell more easily than others.<\/li>\n<li style=\"list-style:none; padding:6px 0 6px 28px; position:relative;\"><span style=\"position:absolute; left:0; color:#2e7d32; font-weight:700;\">\u2713<\/span><strong>Aftercare:<\/strong> keeping the head elevated, avoiding strain and following dressing advice can reduce lingering puffiness.<\/li>\n<li style=\"list-style:none; padding:6px 0 6px 28px; position:relative;\"><span style=\"position:absolute; left:0; color:#2e7d32; font-weight:700;\">\u2713<\/span><strong>Smoking and nicotine exposure:<\/strong> these can impair healing and increase complication risk.<\/li>\n<li style=\"list-style:none; padding:6px 0 6px 28px; position:relative;\"><span style=\"position:absolute; left:0; color:#2e7d32; font-weight:700;\">\u2713<\/span><strong>Salt, dehydration and activity:<\/strong> these often make swelling fluctuate day to day.<\/li>\n<\/ul>\n<p>Age alone does not tell you much. Skin quality, tissue laxity, previous facial surgery, and general health can matter more. This is one reason good clinics avoid making firm promises from photos alone.<\/p>\n<p>If you are travelling for surgery, it helps to ask not only how long you need to stay, but also when the team expects peak swelling, what reviews are scheduled, and who you contact if one side suddenly enlarges after discharge. Those small organisation details often matter as much as the operation itself.<\/p>\n<p><!-- CLN-INLINE-FORM-W3 --><\/p>\n<div class=\"cln-inline-form\" style=\"width:100%;margin:40px 0;border:1px solid #e7eef4;border-radius:16px;overflow:hidden;box-shadow:0 8px 30px rgba(16,54,79,.08);\">\n<div style=\"background:#16364f;color:#fff;padding:22px 26px;font-family:-apple-system,BlinkMacSystemFont,Segoe UI,Roboto,Helvetica,Arial,sans-serif;\">\n<div style=\"font-size:12px;letter-spacing:.12em;text-transform:uppercase;opacity:.82;margin-bottom:6px;\">Free, no obligation<\/div>\n<div style=\"font-size:22px;font-weight:700;line-height:1.3;\">Get your personalised assessment<\/div>\n<div style=\"font-size:14px;opacity:.9;margin-top:6px;\">Answer a few quick questions and our medical team replies with tailored guidance.<\/div>\n<\/div>\n<p><iframe src=\"https:\/\/form.typeform.com\/to\/JZtxHU4h?utm_source=ClinecaBlog&#038;landing=https%3A%2F%2Fwww.clineca.com%2Fblog%2Fhow-swollen-will-my-face-be-after-a-facelift-timeline%2F&#038;product=36\" style=\"width:100%;height:600px;border:0;display:block;\" title=\"Clineca consultation\" allow=\"camera; microphone; autoplay; encrypted-media;\"><\/iframe><\/div>\n<p><!-- \/CLN-INLINE-FORM-W3 --><\/p>\n<h2 id=\"when-should-swelling-worry-you-rather-than-reassure-you\" style=\"font-size:1.55em; font-weight:700; color:#16364f; margin:44px 0 16px; padding-bottom:10px; border-bottom:2px solid #eef4f8;\">When should swelling worry you rather than reassure you?<\/h2>\n<div data-inbody-row=\"hematomachec\" style=\"display:flex;align-items:center;gap:2.2em;margin:0.55em 0 1.2em;\">\n<style>div[data-inbody-row=\"hematomachec\"] > div > p:first-child{margin-top:0 !important;}<\/style>\n<div style=\"flex:1 1 58%;min-width:0;\">\n<p>Most swelling after a facelift is normal. The concern is not that you look puffy, but <strong>how the swelling behaves<\/strong> and what comes with it.<\/p>\n<p>A small left-right difference can be normal. What is not reassuring is <strong>rapidly increasing one-sided swelling<\/strong>, especially if it is tense, painful, and appears suddenly in the first hours or first couple of days. That pattern raises concern for a haematoma, which means a collection of blood under the skin. Facelift literature in journals such as <em>Plastic and Reconstructive Surgery<\/em> describes haematoma as one of the best-known early complications after rhytidectomy, the medical term for facelift. It needs prompt assessment because pressure on tissues can affect healing.<\/p>\n<figure class=\"wp-block-image\" data-inbody-img=\"hematomachec2\" style=\"max-width:620px;margin:1.6em auto;\">\n<style>@media(min-width:900px){figure[data-inbody-img=\"hematomachec2\"]{display:none !important;}}@media(max-width:899px){body.single-post .cln-art-main h2{margin-top:48px !important;padding-top:26px !important;}}body.single-post .cln-art-main h3{text-align:left !important;}<\/style>\n<p><img loading=\"lazy\" decoding=\"async\" src=\"https:\/\/www.clineca.com\/blog\/wp-content\/uploads\/2026\/09\/inbody-2743-hematomachec.jpg\" alt=\"A hand holding a small mirror beside a clock, an emergency contact card and folded gauze on a plain surface.\" width=\"1376\" height=\"768\" style=\"width:100%;height:auto;border-radius:8px;\"\/><figcaption style=\"font-size:0.85em;color:#667;text-align:center;margin-top:0.6em;\">Time is the real diagnostic here: swelling that races the clock in the first hours is the kind to phone about.<\/figcaption><\/figure>\n<p>Infection is less common early on than simple swelling, but the warning pattern is different: increasing redness, warmth, tenderness, foul-smelling drainage, fever, or swelling that gets worse after it had started improving. The Mayo Clinic and NHS both advise patients after procedures to seek medical review for worsening pain, fever, discharge, or unexpected swelling rather than assuming it is routine recovery.<\/p>\n<p>You should contact your surgeon or the emergency contact provided by your surgical team urgently if you have:<\/p>\n<ul style=\"list-style:none; padding-left:0; margin:16px 0;\">\n<li style=\"list-style:none; padding:6px 0 6px 28px; position:relative;\"><span style=\"position:absolute; left:0; color:#2e7d32; font-weight:700;\">\u2713<\/span>Sudden enlargement on one side of the face or neck<\/li>\n<li style=\"list-style:none; padding:6px 0 6px 28px; position:relative;\"><span style=\"position:absolute; left:0; color:#2e7d32; font-weight:700;\">\u2713<\/span>Significant increasing pain or tight pressure not relieved as advised<\/li>\n<li style=\"list-style:none; padding:6px 0 6px 28px; position:relative;\"><span style=\"position:absolute; left:0; color:#2e7d32; font-weight:700;\">\u2713<\/span>Bleeding that soaks dressings<\/li>\n<li style=\"list-style:none; padding:6px 0 6px 28px; position:relative;\"><span style=\"position:absolute; left:0; color:#2e7d32; font-weight:700;\">\u2713<\/span>Fever, spreading redness, or pus-like drainage<\/li>\n<li style=\"list-style:none; padding:6px 0 6px 28px; position:relative;\"><span style=\"position:absolute; left:0; color:#2e7d32; font-weight:700;\">\u2713<\/span>Shortness of breath, chest pain, or calf swelling<\/li>\n<\/ul>\n<p>The last group is not specific to facelift swelling, but it still matters. Any surgery carries general postoperative risks, and those symptoms should never be watched at home.<\/p>\n<p>If your neck was lifted too, some swelling patterns overlap with neck-lift healing. Our article on <a href=\"https:\/\/www.clineca.com\/blog\/how-long-does-swelling-last-after-a-neck-lift-week-by-week-timeline\/\" style=\"color:#16364f; font-weight:600; text-decoration:underline;\">how long swelling lasts after a neck lift<\/a> can help you understand what is shared and what is different.<\/p>\n<\/div>\n<figure class=\"wp-block-image\" data-inbody-img=\"hematomachec\" style=\"flex:0 0 42%;max-width:560px;margin:0;align-self:center;\">\n<style>@media(max-width:899px){figure[data-inbody-img=\"hematomachec\"]{display:none !important;}div[data-inbody-row=\"hematomachec\"]{display:block !important;}}<\/style>\n<p><img loading=\"lazy\" decoding=\"async\" src=\"https:\/\/www.clineca.com\/blog\/wp-content\/uploads\/2026\/09\/inbody-2743-hematomachec.jpg\" alt=\"A hand holding a small mirror beside a clock, an emergency contact card and folded gauze on a plain surface.\" width=\"1376\" height=\"768\" style=\"width:100%;height:auto;border-radius:8px;\"\/><figcaption style=\"font-size:0.85em;color:#667;text-align:center;margin-top:0.6em;\">Time is the real diagnostic here: swelling that races the clock in the first hours is the kind to phone about.<\/figcaption><\/figure>\n<\/div>\n<div style=\"background:#fff8e1; border-left:4px solid #e6a817; border-radius:6px; padding:14px 18px; margin:24px 0;\">\n<p style=\"margin:0; font-size:15px; color:#7a5200;\">\u26a0\ufe0f <strong>Call urgently for fast one-sided swelling<\/strong> A suddenly expanding, tense, painful area in the first day or two can suggest a haematoma and should be assessed promptly.<\/p>\n<\/div>\n<div style=\"background:#ffebee; border-left:4px solid #c0392b; border-radius:6px; padding:14px 18px; margin:24px 0;\">\n<p style=\"margin:0; font-size:15px; color:#7a1c14;\">\ud83d\udea8 <strong>Do not wait on infection signs<\/strong> Redness that spreads, heat, fever, bad-smelling drainage or swelling that worsens after initial improvement needs medical review.<\/p>\n<\/div>\n<h2 id=\"what-helps-swelling-settle-faster-without-risking-the-result\" style=\"font-size:1.55em; font-weight:700; color:#16364f; margin:44px 0 16px; padding-bottom:10px; border-bottom:2px solid #eef4f8;\">What helps swelling settle faster without risking the result?<\/h2>\n<p>The basics are not glamorous, but they work. Keep your head elevated, even when resting, unless your own surgeon has given different instructions. Avoid bending, straining, heavy lifting and vigorous exercise too early, because those can increase pressure and prolong swelling.<\/p>\n<p>Cold compresses are sometimes advised for nearby areas in the very early phase, but only if your surgeon specifically allows them and tells you where to place them. You should not improvise pressure or ice directly over healing facelift flaps. Facelift skin can have reduced sensation for a while, so tissue is easier to over-cool or irritate than you might think.<\/p>\n<p>Hydration, gentle walking and a lower-salt diet in the first recovery period often help day-to-day swelling control. So does patience. Many patients become anxious at two weeks because they expected a finished result by then. In reality, week two is usually the phase when things are better, but still not settled.<\/p>\n<p>If you are planning treatment abroad, it is worth asking what the package includes in practical terms rather than only focusing on the operation itself. Our article on <a href=\"https:\/\/www.clineca.com\/blog\/all-inclusive-surgery-package-turkey-what-is-included\/\" style=\"color:#16364f; font-weight:600; text-decoration:underline;\">what an all-inclusive surgery package usually includes<\/a> explains why nursing support, transfers and follow-up access can make recovery feel much smoother.<\/p>\n<h2 id=\"how-long-should-you-stay-in-turkey-and-what-affects-the-quote\" style=\"font-size:1.55em; font-weight:700; color:#16364f; margin:44px 0 16px; padding-bottom:10px; border-bottom:2px solid #eef4f8;\">How long should you stay in Turkey, and what affects the quote?<\/h2>\n<p>For a facelift, travel plans should leave room for the period when swelling is changing quickly and early checks matter most. In practice, patients usually need to stay long enough for the first postoperative review, dressing changes if used, and confirmation that there is no concerning fluid collection, skin-healing issue or blood-pressure-related problem. Flying too soon is less about a fixed rule than about whether your surgeon is happy with your early recovery.<\/p>\n<p>A personalised quote usually depends on the extent of the facelift, whether a neck lift or eyelid surgery is added, the hospital setting, anaesthesia, aftercare intensity and what non-medical services are bundled in. Good quotes also make clear whether hotel stay, transfers, garments or dressings, medication, and follow-up reviews are included. The safest way to compare offers is not to look for the lowest headline figure, but to check who the operating surgeon is, what accreditation they hold, where the surgery takes place, and how complications are handled if swelling does not follow the expected path.<\/p>\n<p>Professional standards matter here. Look for surgeons with recognised specialist training and board credentials, and ask where the operation will be performed and who is responsible for aftercare. EBOPRAS is one recognised European board in plastic surgery, and BAAPS and ASPS patient guidance both stress choosing a properly qualified surgeon and having clear postoperative support.<\/p>\n<table style=\"width:100%; border-collapse:collapse; margin:30px 0; border-radius:8px; overflow:hidden; box-shadow:0 2px 8px rgba(22,54,79,0.10);\">\n<thead>\n<tr>\n<th style=\"padding:13px 16px; background:#16364f; color:#fff; text-align:left; font-weight:600; font-size:14px;\">What shapes a facelift quote<\/th>\n<th style=\"padding:13px 16px; background:#16364f; color:#fff; text-align:left; font-weight:600; font-size:14px;\">Why it matters for swelling recovery<\/th>\n<th style=\"padding:13px 16px; background:#16364f; color:#fff; text-align:left; font-weight:600; font-size:14px;\">What to ask<\/th>\n<\/tr>\n<\/thead>\n<tbody>\n<tr style=\"background:#ffffff;\">\n<td style=\"padding:11px 16px; border-bottom:1px solid #dde8f0; vertical-align:top;\">Extent of surgery<\/td>\n<td style=\"padding:11px 16px; border-bottom:1px solid #dde8f0; vertical-align:top;\">More extensive lifts often mean more follow-up needs<\/td>\n<td style=\"padding:11px 16px; border-bottom:1px solid #dde8f0; vertical-align:top;\">Is this a mini facelift, full facelift, or facelift with neck lift?<\/td>\n<\/tr>\n<tr style=\"background:#f4f8fb;\">\n<td style=\"padding:11px 16px; border-bottom:1px solid #dde8f0; vertical-align:top;\">Combined procedures<\/td>\n<td style=\"padding:11px 16px; border-bottom:1px solid #dde8f0; vertical-align:top;\">More swelling and a longer visible recovery are common<\/td>\n<td style=\"padding:11px 16px; border-bottom:1px solid #dde8f0; vertical-align:top;\">How does adding eyelid surgery or neck lift change recovery?<\/td>\n<\/tr>\n<tr style=\"background:#ffffff;\">\n<td style=\"padding:11px 16px; border-bottom:1px solid #dde8f0; vertical-align:top;\">Hospital and anaesthesia<\/td>\n<td style=\"padding:11px 16px; border-bottom:1px solid #dde8f0; vertical-align:top;\">Affects monitoring and early safety<\/td>\n<td style=\"padding:11px 16px; border-bottom:1px solid #dde8f0; vertical-align:top;\">Where is surgery performed and who gives the anaesthetic?<\/td>\n<\/tr>\n<tr style=\"background:#f4f8fb;\">\n<td style=\"padding:11px 16px; border-bottom:1px solid #dde8f0; vertical-align:top;\">Aftercare and reviews<\/td>\n<td style=\"padding:11px 16px; border-bottom:1px solid #dde8f0; vertical-align:top;\">Important for detecting haematoma, infection or delayed healing<\/td>\n<td style=\"padding:11px 16px; border-bottom:1px solid #dde8f0; vertical-align:top;\">How many in-person checks are included before I fly home?<\/td>\n<\/tr>\n<tr style=\"background:#ffffff;\">\n<td style=\"padding:11px 16px; border-bottom:1px solid #dde8f0; vertical-align:top;\">Travel package inclusions<\/td>\n<td style=\"padding:11px 16px; border-bottom:1px solid #dde8f0; vertical-align:top;\">Organisation affects comfort and communication<\/td>\n<td style=\"padding:11px 16px; border-bottom:1px solid #dde8f0; vertical-align:top;\">Are hotel, transfers, dressings and medications included?<\/td>\n<\/tr>\n<\/tbody>\n<\/table>\n<div style=\"display:flex; gap:16px; flex-wrap:wrap; margin:24px 0;\">\n<div style=\"flex:1; min-width:220px; background:#e8f5e9; border-left:4px solid #2e7d32; border-radius:8px; padding:16px;\"><strong>Good sign<\/strong><br \/>The clinic gives a written recovery plan, named emergency contact, and clear review schedule before you travel.<\/div>\n<div style=\"flex:1; min-width:220px; background:#ffebee; border-left:4px solid #c0392b; border-radius:8px; padding:16px;\"><strong>Poor sign<\/strong><br \/>You are given a generic quote with little detail about who operates, where surgery happens, or what happens if swelling suddenly worsens.<\/div>\n<\/div>\n<h2 id=\"does-combining-a-facelift-with-other-facial-surgery-change-the-swelling-timeline\" style=\"font-size:1.55em; font-weight:700; color:#16364f; margin:44px 0 16px; padding-bottom:10px; border-bottom:2px solid #eef4f8;\">Does combining a facelift with other facial surgery change the swelling timeline?<\/h2>\n<p>Yes, often quite a bit. A facelift combined with a neck lift usually creates more visible lower-face and under-chin swelling than a facelift alone, even when the final contour may end up better balanced. Adding upper eyelid surgery can make the whole face look more bruised and puffy, which sometimes makes patients think the facelift itself has gone wrong when it has not.<\/p>\n<p>Rhinoplasty can also complicate the social recovery picture because the swelling is then spread across more than one facial area, each with its own timeline. That does not always mean combining is a bad idea. It means you should judge recovery by the slowest-healing area, not the fastest one.<\/p>\n<p>This is one reason surgeons sometimes advise staging procedures rather than doing everything at once, especially for patients who need a very predictable social return. If you are considering combination surgery, ask which procedure is most likely to control when you look presentable, when you can fly home comfortably, and how many days you should reserve before public-facing work.<\/p>\n<h2 id=\"faq\" style=\"font-size:1.55em; font-weight:700; color:#16364f; margin:44px 0 16px; padding-bottom:10px; border-bottom:2px solid #eef4f8;\">Frequently Asked Questions<\/h2>\n<div style=\"border:1px solid #dde8f0; border-radius:12px; overflow:hidden; margin:24px 0 32px;\">\n<details style=\"border-bottom:1px solid #eef4f8;\">\n<summary style=\"padding:18px 24px; cursor:pointer; list-style:none; display:-webkit-box; display:flex; -webkit-box-pack:justify; justify-content:space-between; align-items:center; gap:12px; user-select:none; font-weight:700; color:#16364f; font-size:15px; line-height:1.5;\"><span>Is it normal for one side to be more swollen after a facelift?<\/span><span style=\"flex-shrink:0; font-size:22px; line-height:1; color:#16364f; font-weight:300; margin-left:8px;\">+<\/span><\/summary>\n<div style=\"padding:2px 24px 20px; border-top:1px solid #f0f6fa; color:#444; line-height:1.75; font-size:15px;\">Yes. Mild asymmetry is common in the first few weeks. It becomes concerning if one side suddenly enlarges, feels very tight or painful, or worsens quickly instead of gradually improving.<\/div>\n<\/details>\n<details style=\"border-bottom:1px solid #eef4f8;\">\n<summary style=\"padding:18px 24px; cursor:pointer; list-style:none; display:-webkit-box; display:flex; -webkit-box-pack:justify; justify-content:space-between; align-items:center; gap:12px; user-select:none; font-weight:700; color:#16364f; font-size:15px; line-height:1.5;\"><span>When do most people look socially presentable after a facelift?<\/span><span style=\"flex-shrink:0; font-size:22px; line-height:1; color:#16364f; font-weight:300; margin-left:8px;\">+<\/span><\/summary>\n<div style=\"padding:2px 24px 20px; border-top:1px solid #f0f6fa; color:#444; line-height:1.75; font-size:15px;\">Many people feel more comfortable being seen around the second or third week, often with some makeup or styling help. Final settling takes longer, and subtle puffiness can continue for several months.<\/div>\n<\/details>\n<details style=\"border-bottom:1px solid #eef4f8;\">\n<summary style=\"padding:18px 24px; cursor:pointer; list-style:none; display:-webkit-box; display:flex; -webkit-box-pack:justify; justify-content:space-between; align-items:center; gap:12px; user-select:none; font-weight:700; color:#16364f; font-size:15px; line-height:1.5;\"><span>Can swelling come and go during facelift recovery?<\/span><span style=\"flex-shrink:0; font-size:22px; line-height:1; color:#16364f; font-weight:300; margin-left:8px;\">+<\/span><\/summary>\n<div style=\"padding:2px 24px 20px; border-top:1px solid #f0f6fa; color:#444; line-height:1.75; font-size:15px;\">Yes. Swelling often fluctuates, especially in the morning, after salty meals, after more activity, or when you spend long periods upright. Day-to-day variation does not always mean something is wrong.<\/div>\n<\/details>\n<details style=\"border-bottom:1px solid #eef4f8;\">\n<summary style=\"padding:18px 24px; cursor:pointer; list-style:none; display:-webkit-box; display:flex; -webkit-box-pack:justify; justify-content:space-between; align-items:center; gap:12px; user-select:none; font-weight:700; color:#16364f; font-size:15px; line-height:1.5;\"><span>Does a deep-plane facelift swell more than a mini facelift?<\/span><span style=\"flex-shrink:0; font-size:22px; line-height:1; color:#16364f; font-weight:300; margin-left:8px;\">+<\/span><\/summary>\n<div style=\"padding:2px 24px 20px; border-top:1px solid #f0f6fa; color:#444; line-height:1.75; font-size:15px;\">Often, yes. A more extensive lift usually causes more swelling and a longer settling period than a smaller lift, although individual healing varies and your surgeon\u2019s technique also matters.<\/div>\n<\/details>\n<details style=\"\">\n<summary style=\"padding:18px 24px; cursor:pointer; list-style:none; display:-webkit-box; display:flex; -webkit-box-pack:justify; justify-content:space-between; align-items:center; gap:12px; user-select:none; font-weight:700; color:#16364f; font-size:15px; line-height:1.5;\"><span>How do I know if facelift swelling is an emergency?<\/span><span style=\"flex-shrink:0; font-size:22px; line-height:1; color:#16364f; font-weight:300; margin-left:8px;\">+<\/span><\/summary>\n<div style=\"padding:2px 24px 20px; border-top:1px solid #f0f6fa; color:#444; line-height:1.75; font-size:15px;\">Seek urgent medical advice if you have rapidly increasing one-sided swelling, significant pressure or pain, bleeding through dressings, fever, spreading redness, bad-smelling drainage, chest pain, or shortness of breath.<\/div>\n<\/details>\n<\/div>\n<h2 id=\"references\" style=\"font-size:1.55em; font-weight:700; color:#16364f; margin:44px 0 16px; padding-bottom:10px; border-bottom:2px solid #eef4f8;\">References<\/h2>\n<ul style=\"list-style:none; padding-left:0;\">\n<li style=\"padding:8px 0 8px 32px; position:relative; border-bottom:1px solid #eef4f8;\"><span style=\"position:absolute; left:0;\">\ud83d\udcce<\/span><a href=\"https:\/\/pubmed.ncbi.nlm.nih.gov\/?term=rhytidectomy+hematoma+complication+facelift+postoperative\" style=\"color:#16364f; font-weight:600; text-decoration:underline;\" target=\"_blank\" rel=\"noopener noreferrer\">PubMed: rhytidectomy hematoma complication facelift postoperative<\/a><\/li>\n<li style=\"padding:8px 0 8px 32px; position:relative; border-bottom:1px solid #eef4f8;\"><span style=\"position:absolute; left:0;\">\ud83d\udcce<\/span><a href=\"https:\/\/pubmed.ncbi.nlm.nih.gov\/?term=facelift+recovery+swelling+postoperative+rhytidectomy\" style=\"color:#16364f; font-weight:600; text-decoration:underline;\" target=\"_blank\" rel=\"noopener noreferrer\">PubMed: facelift recovery swelling postoperative rhytidectomy<\/a><\/li>\n<li style=\"padding:8px 0 8px 32px; position:relative; border-bottom:1px solid #eef4f8;\"><span style=\"position:absolute; left:0;\">\ud83d\udcce<\/span><a href=\"https:\/\/www.nhs.uk\/tests-and-treatments\/cosmetic-procedures\/\" style=\"color:#16364f; font-weight:600; text-decoration:underline;\" target=\"_blank\" rel=\"noopener noreferrer\">NHS: Cosmetic procedures<\/a><\/li>\n<li style=\"padding:8px 0 8px 32px; position:relative; border-bottom:1px solid #eef4f8;\"><span style=\"position:absolute; left:0;\">\ud83d\udcce<\/span><a href=\"https:\/\/ebopras.eu\/\" style=\"color:#16364f; font-weight:600; text-decoration:underline;\" target=\"_blank\" rel=\"noopener noreferrer\">EBOPRAS<\/a><\/li>\n<\/ul>\n<div class=\"cln-wa-cta\" style=\"background:#ffffff; border:1px solid #e2e9f0; border-radius:20px; padding:40px 28px; margin:44px 0 8px; text-align:center; box-shadow:0 1px 2px rgba(16,54,79,.06), 0 20px 48px rgba(16,54,79,.14);\">\n<div style=\"width:64px; height:64px; margin:0 auto 18px; background:radial-gradient(circle at 32% 30%, #34e075, #1eaf52); border-radius:50%; display:flex; align-items:center; justify-content:center; box-shadow:0 8px 20px rgba(37,211,102,.35);\"><svg width=\"30\" height=\"30\" viewBox=\"0 0 24 24\" fill=\"#ffffff\" style=\"display:block;\"><path d=\"M12.04 2c-5.46 0-9.9 4.44-9.9 9.9 0 1.75.46 3.45 1.32 4.95L2 22l5.25-1.38c1.45.79 3.08 1.21 4.79 1.21h.01c5.46 0 9.9-4.44 9.9-9.9 0-2.64-1.03-5.12-2.9-6.99A9.82 9.82 0 0012.04 2zm5.8 14.06c-.24.68-1.4 1.32-1.93 1.4-.5.08-1.13.11-1.82-.11-.42-.13-.96-.31-1.65-.6-2.9-1.25-4.8-4.17-4.94-4.36-.14-.19-1.18-1.57-1.18-3 0-1.42.75-2.12 1.02-2.41.26-.28.57-.36.76-.36.19 0 .38 0 .55.01.18.01.42-.07.65.5.24.58.81 2 .88 2.14.07.14.12.31.02.5-.09.19-.14.31-.28.48-.14.16-.29.36-.42.48-.14.13-.28.28-.12.55.16.28.71 1.17 1.53 1.9 1.05.94 1.94 1.23 2.21 1.37.28.14.44.12.6-.07.16-.19.68-.79.86-1.06.18-.28.36-.23.6-.14.24.09 1.55.73 1.82.86.27.13.45.19.51.3.07.11.07.63-.17 1.31z\"\/><\/svg><\/div>\n<div style=\"font-size:12px; font-weight:700; letter-spacing:.14em; text-transform:uppercase; color:#f0a54a; margin-bottom:10px;\">Free Consultation &middot; 24\/7<\/div>\n<div style=\"font-size:22px; font-weight:800; margin-bottom:10px; letter-spacing:-.01em; color:#16364f;\">Considering Face Lift in Turkey?<\/div>\n<div style=\"font-size:15px; line-height:1.65; margin:0 auto 26px; max-width:480px; color:#5b6b79;\">Get a free, no-obligation assessment from the Clineca team. Send your questions or photos on WhatsApp and we&#8217;ll reply with personalised guidance.<\/div>\n<p><a href=\"https:\/\/api.whatsapplinkmanager.com\/api\/links\/redirect\/Zol7PR0\" target=\"_blank\" rel=\"noopener\" style=\"display:inline-flex; align-items:center; gap:9px; background:linear-gradient(135deg,#1c4060,#0f2438); color:#ffffff !important; font-weight:700; text-decoration:none; padding:16px 40px; border-radius:999px; font-size:16px; box-shadow:0 10px 26px rgba(16,54,79,.32);\">\ud83d\udcac Chat with us on WhatsApp<\/a><\/div>\n","protected":false},"excerpt":{"rendered":"<p>A clear facelift swelling timeline: when swelling peaks, when you look more normal, what delays settling, and which signs need urgent review.<\/p>\n","protected":false},"author":1,"featured_media":2744,"comment_status":"closed","ping_status":"open","sticky":false,"template":"","format":"standard","meta":{"_cln_meta_description":"","_cln_json_ld":"{\"@context\":\"https:\\\/\\\/schema.org\",\"@type\":\"MedicalWebPage\",\"headline\":\"How swollen will my face be after a facelift: Timeline\",\"description\":\"A clear facelift swelling timeline: when swelling peaks, when you look more normal, what delays settling, and which signs need urgent review.\",\"mainEntity\":[{\"@type\":\"Question\",\"name\":\"Is it normal for one side to be more swollen after a facelift?\",\"acceptedAnswer\":{\"@type\":\"Answer\",\"text\":\"Yes. Mild asymmetry is common in the first few weeks. It becomes concerning if one side suddenly enlarges, feels very tight or painful, or worsens quickly instead of gradually improving.\"}},{\"@type\":\"Question\",\"name\":\"When do most people look socially presentable after a facelift?\",\"acceptedAnswer\":{\"@type\":\"Answer\",\"text\":\"Many people feel more comfortable being seen around the second or third week, often with some makeup or styling help. Final settling takes longer, and subtle puffiness can continue for several months.\"}},{\"@type\":\"Question\",\"name\":\"Can swelling come and go during facelift recovery?\",\"acceptedAnswer\":{\"@type\":\"Answer\",\"text\":\"Yes. Swelling often fluctuates, especially in the morning, after salty meals, after more activity, or when you spend long periods upright. Day-to-day variation does not always mean something is wrong.\"}},{\"@type\":\"Question\",\"name\":\"Does a deep-plane facelift swell more than a mini facelift?\",\"acceptedAnswer\":{\"@type\":\"Answer\",\"text\":\"Often, yes. A more extensive lift usually causes more swelling and a longer settling period than a smaller lift, although individual healing varies and your surgeon\u2019s technique also matters.\"}},{\"@type\":\"Question\",\"name\":\"How do I know if facelift swelling is an emergency?\",\"acceptedAnswer\":{\"@type\":\"Answer\",\"text\":\"Seek urgent medical advice if you have rapidly increasing one-sided swelling, significant pressure or pain, bleeding through dressings, fever, spreading redness, bad-smelling drainage, chest pain, or shortness of breath.\"}}],\"publisher\":{\"@type\":\"Organization\",\"name\":\"Clineca\",\"url\":\"https:\\\/\\\/www.clineca.com\\\/blog\\\/\"}}","footnotes":""},"categories":[51],"tags":[],"class_list":["post-2743","post","type-post","status-publish","format-standard","has-post-thumbnail","hentry","category-face-lift"],"yoast_head":"<!-- This site is optimized with the Yoast SEO Premium plugin v28.3 (Yoast SEO v28.3) - https:\/\/yoast.com\/product\/yoast-seo-premium-wordpress\/ -->\n<title>How Swollen Will My Face Be After a Facelift: Timeline<\/title>\n<meta name=\"description\" content=\"A clear facelift swelling timeline: when swelling peaks, when you look more normal, what delays settling, and which signs need urgent review.\" \/>\n<meta name=\"robots\" content=\"index, follow, max-snippet:-1, max-image-preview:large, max-video-preview:-1\" \/>\n<link rel=\"canonical\" href=\"https:\/\/www.clineca.com\/blog\/how-swollen-will-my-face-be-after-a-facelift-timeline\/\" \/>\n<meta property=\"og:locale\" content=\"en_GB\" \/>\n<meta property=\"og:type\" content=\"article\" \/>\n<meta property=\"og:title\" content=\"How Swollen Will My Face Be After a Facelift: Timeline\" \/>\n<meta property=\"og:description\" content=\"A clear facelift swelling timeline: when swelling peaks, when you look more normal, what delays settling, and which signs need urgent review.\" \/>\n<meta property=\"og:url\" content=\"https:\/\/www.clineca.com\/blog\/how-swollen-will-my-face-be-after-a-facelift-timeline\/\" \/>\n<meta property=\"og:site_name\" content=\"Clineca - Blog\" \/>\n<meta property=\"article:published_time\" content=\"2026-09-03T07:02:16+00:00\" \/>\n<meta property=\"article:modified_time\" content=\"2026-09-03T09:40:53+00:00\" \/>\n<meta property=\"og:image\" content=\"https:\/\/www.clineca.com\/blog\/wp-content\/uploads\/2026\/09\/how-swollen-will-my-face-be-after-a-facelift-timeline.jpg\" \/>\n\t<meta property=\"og:image:width\" content=\"1376\" \/>\n\t<meta property=\"og:image:height\" content=\"768\" \/>\n\t<meta property=\"og:image:type\" content=\"image\/jpeg\" \/>\n<meta name=\"author\" content=\"Clineca Medical Team\" \/>\n<meta name=\"twitter:card\" content=\"summary_large_image\" \/>\n<meta name=\"twitter:label1\" content=\"Written by\" \/>\n\t<meta name=\"twitter:data1\" content=\"Clineca Medical Team\" \/>\n\t<meta name=\"twitter:label2\" content=\"Est. reading time\" \/>\n\t<meta name=\"twitter:data2\" content=\"12 minutes\" \/>\n<script type=\"application\/ld+json\" class=\"yoast-schema-graph\">{\"@context\":\"https:\\\/\\\/schema.org\",\"@graph\":[{\"@type\":\"Article\",\"@id\":\"https:\\\/\\\/www.clineca.com\\\/blog\\\/how-swollen-will-my-face-be-after-a-facelift-timeline\\\/#article\",\"isPartOf\":{\"@id\":\"https:\\\/\\\/www.clineca.com\\\/blog\\\/how-swollen-will-my-face-be-after-a-facelift-timeline\\\/\"},\"author\":{\"name\":\"Clineca Medical Team\",\"@id\":\"https:\\\/\\\/www.clinecahealth.com\\\/blog\\\/#\\\/schema\\\/person\\\/852230b52b39326819821d0c92848fcc\"},\"headline\":\"How Swollen Will My Face Be After a Facelift: Timeline\",\"datePublished\":\"2026-09-03T07:02:16+00:00\",\"dateModified\":\"2026-09-03T09:40:53+00:00\",\"mainEntityOfPage\":{\"@id\":\"https:\\\/\\\/www.clineca.com\\\/blog\\\/how-swollen-will-my-face-be-after-a-facelift-timeline\\\/\"},\"wordCount\":2415,\"publisher\":{\"@id\":\"https:\\\/\\\/www.clinecahealth.com\\\/blog\\\/#organization\"},\"image\":{\"@id\":\"https:\\\/\\\/www.clineca.com\\\/blog\\\/how-swollen-will-my-face-be-after-a-facelift-timeline\\\/#primaryimage\"},\"thumbnailUrl\":\"https:\\\/\\\/www.clineca.com\\\/blog\\\/wp-content\\\/uploads\\\/2026\\\/09\\\/how-swollen-will-my-face-be-after-a-facelift-timeline.jpg\",\"articleSection\":[\"face lift\"],\"inLanguage\":\"en-GB\"},{\"@type\":\"WebPage\",\"@id\":\"https:\\\/\\\/www.clineca.com\\\/blog\\\/how-swollen-will-my-face-be-after-a-facelift-timeline\\\/\",\"url\":\"https:\\\/\\\/www.clineca.com\\\/blog\\\/how-swollen-will-my-face-be-after-a-facelift-timeline\\\/\",\"name\":\"How Swollen Will My Face Be After a Facelift: Timeline\",\"isPartOf\":{\"@id\":\"https:\\\/\\\/www.clinecahealth.com\\\/blog\\\/#website\"},\"primaryImageOfPage\":{\"@id\":\"https:\\\/\\\/www.clineca.com\\\/blog\\\/how-swollen-will-my-face-be-after-a-facelift-timeline\\\/#primaryimage\"},\"image\":{\"@id\":\"https:\\\/\\\/www.clineca.com\\\/blog\\\/how-swollen-will-my-face-be-after-a-facelift-timeline\\\/#primaryimage\"},\"thumbnailUrl\":\"https:\\\/\\\/www.clineca.com\\\/blog\\\/wp-content\\\/uploads\\\/2026\\\/09\\\/how-swollen-will-my-face-be-after-a-facelift-timeline.jpg\",\"datePublished\":\"2026-09-03T07:02:16+00:00\",\"dateModified\":\"2026-09-03T09:40:53+00:00\",\"description\":\"A clear facelift swelling timeline: when swelling peaks, when you look more normal, what delays settling, and which signs need urgent review.\",\"breadcrumb\":{\"@id\":\"https:\\\/\\\/www.clineca.com\\\/blog\\\/how-swollen-will-my-face-be-after-a-facelift-timeline\\\/#breadcrumb\"},\"inLanguage\":\"en-GB\",\"potentialAction\":[{\"@type\":\"ReadAction\",\"target\":[\"https:\\\/\\\/www.clineca.com\\\/blog\\\/how-swollen-will-my-face-be-after-a-facelift-timeline\\\/\"]}]},{\"@type\":\"ImageObject\",\"inLanguage\":\"en-GB\",\"@id\":\"https:\\\/\\\/www.clineca.com\\\/blog\\\/how-swollen-will-my-face-be-after-a-facelift-timeline\\\/#primaryimage\",\"url\":\"https:\\\/\\\/www.clineca.com\\\/blog\\\/wp-content\\\/uploads\\\/2026\\\/09\\\/how-swollen-will-my-face-be-after-a-facelift-timeline.jpg\",\"contentUrl\":\"https:\\\/\\\/www.clineca.com\\\/blog\\\/wp-content\\\/uploads\\\/2026\\\/09\\\/how-swollen-will-my-face-be-after-a-facelift-timeline.jpg\",\"width\":1376,\"height\":768,\"caption\":\"How swollen will my face be after a facelift: Timeline\"},{\"@type\":\"BreadcrumbList\",\"@id\":\"https:\\\/\\\/www.clineca.com\\\/blog\\\/how-swollen-will-my-face-be-after-a-facelift-timeline\\\/#breadcrumb\",\"itemListElement\":[{\"@type\":\"ListItem\",\"position\":1,\"name\":\"Home\",\"item\":\"https:\\\/\\\/www.clinecahealth.com\\\/blog\\\/\"},{\"@type\":\"ListItem\",\"position\":2,\"name\":\"How Swollen Will My Face Be After a Facelift: Timeline\"}]},{\"@type\":\"WebSite\",\"@id\":\"https:\\\/\\\/www.clinecahealth.com\\\/blog\\\/#website\",\"url\":\"https:\\\/\\\/www.clinecahealth.com\\\/blog\\\/\",\"name\":\"Clineca - Blog\",\"description\":\"\",\"publisher\":{\"@id\":\"https:\\\/\\\/www.clinecahealth.com\\\/blog\\\/#organization\"},\"potentialAction\":[{\"@type\":\"SearchAction\",\"target\":{\"@type\":\"EntryPoint\",\"urlTemplate\":\"https:\\\/\\\/www.clinecahealth.com\\\/blog\\\/?s={search_term_string}\"},\"query-input\":{\"@type\":\"PropertyValueSpecification\",\"valueRequired\":true,\"valueName\":\"search_term_string\"}}],\"inLanguage\":\"en-GB\"},{\"@type\":\"Organization\",\"@id\":\"https:\\\/\\\/www.clinecahealth.com\\\/blog\\\/#organization\",\"name\":\"Clineca\",\"url\":\"https:\\\/\\\/www.clinecahealth.com\\\/blog\\\/\",\"logo\":{\"@type\":\"ImageObject\",\"inLanguage\":\"en-GB\",\"@id\":\"https:\\\/\\\/www.clinecahealth.com\\\/blog\\\/#\\\/schema\\\/logo\\\/image\\\/\",\"url\":\"https:\\\/\\\/www.clineca.com\\\/blog\\\/wp-content\\\/uploads\\\/2026\\\/06\\\/clineca-logo.jpeg\",\"contentUrl\":\"https:\\\/\\\/www.clineca.com\\\/blog\\\/wp-content\\\/uploads\\\/2026\\\/06\\\/clineca-logo.jpeg\",\"width\":200,\"height\":200,\"caption\":\"Clineca\"},\"image\":{\"@id\":\"https:\\\/\\\/www.clinecahealth.com\\\/blog\\\/#\\\/schema\\\/logo\\\/image\\\/\"},\"description\":\"Our philosophy is to achieve aesthetical results that are both in accordance with the patient\u2019s needs and wishes, and natural-looking, while providing the maximum safety. We have a holistic approach. We believe that everything should be right for a satisfactory cosmetic surgery experience, including the surgery, communication, pre- and post-op guidance, logistics, and accommodation. We provide surgical and non-surgical beauty services at Istanbul, with belief that everyone has the right to look the way they desire. Our services include cosmetic surgery procedures for face and body, non-surgical cosmetic procedures and dentistry. Our surgeries are performed in prestigious fully equipped hospitals in which doctors from all specialties are present. After your surgery, you will rest in the hospital with 5-star hotel comfort.\",\"email\":\"info@clineca.com\",\"telephone\":\"+90 216 208 31 40\",\"legalName\":\"Clineca Sa\u011fl\u0131k Turizmi A. \u015e.\",\"foundingDate\":\"2021-09-01\",\"numberOfEmployees\":{\"@type\":\"QuantitativeValue\",\"minValue\":\"51\",\"maxValue\":\"200\"}},{\"@type\":\"Person\",\"@id\":\"https:\\\/\\\/www.clinecahealth.com\\\/blog\\\/#\\\/schema\\\/person\\\/852230b52b39326819821d0c92848fcc\",\"name\":\"Clineca Medical Team\",\"image\":{\"@type\":\"ImageObject\",\"inLanguage\":\"en-GB\",\"@id\":\"https:\\\/\\\/secure.gravatar.com\\\/avatar\\\/a820e1483f62f44cec76758a5327a0f6fd3335199b86b554ca9bea6375743eb8?s=96&d=mm&r=g\",\"url\":\"https:\\\/\\\/secure.gravatar.com\\\/avatar\\\/a820e1483f62f44cec76758a5327a0f6fd3335199b86b554ca9bea6375743eb8?s=96&d=mm&r=g\",\"contentUrl\":\"https:\\\/\\\/secure.gravatar.com\\\/avatar\\\/a820e1483f62f44cec76758a5327a0f6fd3335199b86b554ca9bea6375743eb8?s=96&d=mm&r=g\",\"caption\":\"Clineca Medical Team\"},\"description\":\"Content prepared by the Clineca team and checked against reputable medical sources (NHS, PubMed, ASPS).\",\"sameAs\":[\"https:\\\/\\\/www.clineca.com\\\/blog\"],\"url\":\"https:\\\/\\\/www.clineca.com\\\/blog\\\/author\\\/clineca-admin\\\/\"}]}<\/script>\n<!-- \/ Yoast SEO Premium plugin. -->","yoast_head_json":{"title":"How Swollen Will My Face Be After a Facelift: Timeline","description":"A clear facelift swelling timeline: when swelling peaks, when you look more normal, what delays settling, and which signs need urgent review.","robots":{"index":"index","follow":"follow","max-snippet":"max-snippet:-1","max-image-preview":"max-image-preview:large","max-video-preview":"max-video-preview:-1"},"canonical":"https:\/\/www.clineca.com\/blog\/how-swollen-will-my-face-be-after-a-facelift-timeline\/","og_locale":"en_GB","og_type":"article","og_title":"How Swollen Will My Face Be After a Facelift: Timeline","og_description":"A clear facelift swelling timeline: when swelling peaks, when you look more normal, what delays settling, and which signs need urgent review.","og_url":"https:\/\/www.clineca.com\/blog\/how-swollen-will-my-face-be-after-a-facelift-timeline\/","og_site_name":"Clineca - Blog","article_published_time":"2026-09-03T07:02:16+00:00","article_modified_time":"2026-09-03T09:40:53+00:00","og_image":[{"width":1376,"height":768,"url":"https:\/\/www.clineca.com\/blog\/wp-content\/uploads\/2026\/09\/how-swollen-will-my-face-be-after-a-facelift-timeline.jpg","type":"image\/jpeg"}],"author":"Clineca Medical Team","twitter_card":"summary_large_image","twitter_misc":{"Written by":"Clineca Medical Team","Est. reading time":"12 minutes"},"schema":{"@context":"https:\/\/schema.org","@graph":[{"@type":"Article","@id":"https:\/\/www.clineca.com\/blog\/how-swollen-will-my-face-be-after-a-facelift-timeline\/#article","isPartOf":{"@id":"https:\/\/www.clineca.com\/blog\/how-swollen-will-my-face-be-after-a-facelift-timeline\/"},"author":{"name":"Clineca Medical Team","@id":"https:\/\/www.clinecahealth.com\/blog\/#\/schema\/person\/852230b52b39326819821d0c92848fcc"},"headline":"How Swollen Will My Face Be After a Facelift: Timeline","datePublished":"2026-09-03T07:02:16+00:00","dateModified":"2026-09-03T09:40:53+00:00","mainEntityOfPage":{"@id":"https:\/\/www.clineca.com\/blog\/how-swollen-will-my-face-be-after-a-facelift-timeline\/"},"wordCount":2415,"publisher":{"@id":"https:\/\/www.clinecahealth.com\/blog\/#organization"},"image":{"@id":"https:\/\/www.clineca.com\/blog\/how-swollen-will-my-face-be-after-a-facelift-timeline\/#primaryimage"},"thumbnailUrl":"https:\/\/www.clineca.com\/blog\/wp-content\/uploads\/2026\/09\/how-swollen-will-my-face-be-after-a-facelift-timeline.jpg","articleSection":["face lift"],"inLanguage":"en-GB"},{"@type":"WebPage","@id":"https:\/\/www.clineca.com\/blog\/how-swollen-will-my-face-be-after-a-facelift-timeline\/","url":"https:\/\/www.clineca.com\/blog\/how-swollen-will-my-face-be-after-a-facelift-timeline\/","name":"How Swollen Will My Face Be After a Facelift: Timeline","isPartOf":{"@id":"https:\/\/www.clinecahealth.com\/blog\/#website"},"primaryImageOfPage":{"@id":"https:\/\/www.clineca.com\/blog\/how-swollen-will-my-face-be-after-a-facelift-timeline\/#primaryimage"},"image":{"@id":"https:\/\/www.clineca.com\/blog\/how-swollen-will-my-face-be-after-a-facelift-timeline\/#primaryimage"},"thumbnailUrl":"https:\/\/www.clineca.com\/blog\/wp-content\/uploads\/2026\/09\/how-swollen-will-my-face-be-after-a-facelift-timeline.jpg","datePublished":"2026-09-03T07:02:16+00:00","dateModified":"2026-09-03T09:40:53+00:00","description":"A clear facelift swelling timeline: when swelling peaks, when you look more normal, what delays settling, and which signs need urgent review.","breadcrumb":{"@id":"https:\/\/www.clineca.com\/blog\/how-swollen-will-my-face-be-after-a-facelift-timeline\/#breadcrumb"},"inLanguage":"en-GB","potentialAction":[{"@type":"ReadAction","target":["https:\/\/www.clineca.com\/blog\/how-swollen-will-my-face-be-after-a-facelift-timeline\/"]}]},{"@type":"ImageObject","inLanguage":"en-GB","@id":"https:\/\/www.clineca.com\/blog\/how-swollen-will-my-face-be-after-a-facelift-timeline\/#primaryimage","url":"https:\/\/www.clineca.com\/blog\/wp-content\/uploads\/2026\/09\/how-swollen-will-my-face-be-after-a-facelift-timeline.jpg","contentUrl":"https:\/\/www.clineca.com\/blog\/wp-content\/uploads\/2026\/09\/how-swollen-will-my-face-be-after-a-facelift-timeline.jpg","width":1376,"height":768,"caption":"How swollen will my face be after a facelift: Timeline"},{"@type":"BreadcrumbList","@id":"https:\/\/www.clineca.com\/blog\/how-swollen-will-my-face-be-after-a-facelift-timeline\/#breadcrumb","itemListElement":[{"@type":"ListItem","position":1,"name":"Home","item":"https:\/\/www.clinecahealth.com\/blog\/"},{"@type":"ListItem","position":2,"name":"How Swollen Will My Face Be After a Facelift: Timeline"}]},{"@type":"WebSite","@id":"https:\/\/www.clinecahealth.com\/blog\/#website","url":"https:\/\/www.clinecahealth.com\/blog\/","name":"Clineca - Blog","description":"","publisher":{"@id":"https:\/\/www.clinecahealth.com\/blog\/#organization"},"potentialAction":[{"@type":"SearchAction","target":{"@type":"EntryPoint","urlTemplate":"https:\/\/www.clinecahealth.com\/blog\/?s={search_term_string}"},"query-input":{"@type":"PropertyValueSpecification","valueRequired":true,"valueName":"search_term_string"}}],"inLanguage":"en-GB"},{"@type":"Organization","@id":"https:\/\/www.clinecahealth.com\/blog\/#organization","name":"Clineca","url":"https:\/\/www.clinecahealth.com\/blog\/","logo":{"@type":"ImageObject","inLanguage":"en-GB","@id":"https:\/\/www.clinecahealth.com\/blog\/#\/schema\/logo\/image\/","url":"https:\/\/www.clineca.com\/blog\/wp-content\/uploads\/2026\/06\/clineca-logo.jpeg","contentUrl":"https:\/\/www.clineca.com\/blog\/wp-content\/uploads\/2026\/06\/clineca-logo.jpeg","width":200,"height":200,"caption":"Clineca"},"image":{"@id":"https:\/\/www.clinecahealth.com\/blog\/#\/schema\/logo\/image\/"},"description":"Our philosophy is to achieve aesthetical results that are both in accordance with the patient\u2019s needs and wishes, and natural-looking, while providing the maximum safety. We have a holistic approach. We believe that everything should be right for a satisfactory cosmetic surgery experience, including the surgery, communication, pre- and post-op guidance, logistics, and accommodation. We provide surgical and non-surgical beauty services at Istanbul, with belief that everyone has the right to look the way they desire. Our services include cosmetic surgery procedures for face and body, non-surgical cosmetic procedures and dentistry. Our surgeries are performed in prestigious fully equipped hospitals in which doctors from all specialties are present. After your surgery, you will rest in the hospital with 5-star hotel comfort.","email":"info@clineca.com","telephone":"+90 216 208 31 40","legalName":"Clineca Sa\u011fl\u0131k Turizmi A. \u015e.","foundingDate":"2021-09-01","numberOfEmployees":{"@type":"QuantitativeValue","minValue":"51","maxValue":"200"}},{"@type":"Person","@id":"https:\/\/www.clinecahealth.com\/blog\/#\/schema\/person\/852230b52b39326819821d0c92848fcc","name":"Clineca Medical Team","image":{"@type":"ImageObject","inLanguage":"en-GB","@id":"https:\/\/secure.gravatar.com\/avatar\/a820e1483f62f44cec76758a5327a0f6fd3335199b86b554ca9bea6375743eb8?s=96&d=mm&r=g","url":"https:\/\/secure.gravatar.com\/avatar\/a820e1483f62f44cec76758a5327a0f6fd3335199b86b554ca9bea6375743eb8?s=96&d=mm&r=g","contentUrl":"https:\/\/secure.gravatar.com\/avatar\/a820e1483f62f44cec76758a5327a0f6fd3335199b86b554ca9bea6375743eb8?s=96&d=mm&r=g","caption":"Clineca Medical Team"},"description":"Content prepared by the Clineca team and checked against reputable medical sources (NHS, PubMed, ASPS).","sameAs":["https:\/\/www.clineca.com\/blog"],"url":"https:\/\/www.clineca.com\/blog\/author\/clineca-admin\/"}]}},"_links":{"self":[{"href":"https:\/\/www.clineca.com\/blog\/wp-json\/wp\/v2\/posts\/2743","targetHints":{"allow":["GET"]}}],"collection":[{"href":"https:\/\/www.clineca.com\/blog\/wp-json\/wp\/v2\/posts"}],"about":[{"href":"https:\/\/www.clineca.com\/blog\/wp-json\/wp\/v2\/types\/post"}],"author":[{"embeddable":true,"href":"https:\/\/www.clineca.com\/blog\/wp-json\/wp\/v2\/users\/1"}],"replies":[{"embeddable":true,"href":"https:\/\/www.clineca.com\/blog\/wp-json\/wp\/v2\/comments?post=2743"}],"version-history":[{"count":3,"href":"https:\/\/www.clineca.com\/blog\/wp-json\/wp\/v2\/posts\/2743\/revisions"}],"predecessor-version":[{"id":2748,"href":"https:\/\/www.clineca.com\/blog\/wp-json\/wp\/v2\/posts\/2743\/revisions\/2748"}],"wp:featuredmedia":[{"embeddable":true,"href":"https:\/\/www.clineca.com\/blog\/wp-json\/wp\/v2\/media\/2744"}],"wp:attachment":[{"href":"https:\/\/www.clineca.com\/blog\/wp-json\/wp\/v2\/media?parent=2743"}],"wp:term":[{"taxonomy":"category","embeddable":true,"href":"https:\/\/www.clineca.com\/blog\/wp-json\/wp\/v2\/categories?post=2743"},{"taxonomy":"post_tag","embeddable":true,"href":"https:\/\/www.clineca.com\/blog\/wp-json\/wp\/v2\/tags?post=2743"}],"curies":[{"name":"wp","href":"https:\/\/api.w.org\/{rel}","templated":true}]}}